{"id":1370,"date":"2015-04-15T07:05:26","date_gmt":"2015-04-15T07:05:26","guid":{"rendered":"http:\/\/www.arelabretagne.levillage.org\/?p=1370"},"modified":"2025-03-12T12:55:30","modified_gmt":"2025-03-12T12:55:30","slug":"reforme-du-college-la-parole-trahie","status":"publish","type":"post","link":"http:\/\/www.arelabretagne.levillage.org\/?p=1370","title":{"rendered":"Reforme du coll\u00e8ge, la parole trahie."},"content":{"rendered":"<div class=\"page\" title=\"Page 1\">\n<div class=\"layoutArea\">\n<div class=\"column\">\n<h2 style=\"text-align: center;\">Communiqu\u00e9 de presse du 12 avril 2015 :<\/h2>\n<h3 style=\"text-align: justify;\">le Conseil Sup\u00e9rieur de l\u2019\u00c9ducation ent\u00e9rine la suppression de l&rsquo;enseignement du latin et du grec.<\/h3>\n<h3 style=\"text-align: justify;\">Le 10 avril 2015, le projet de r\u00e9forme des coll\u00e8ges a \u00e9t\u00e9 adopt\u00e9 \u00e0 \u00ab une large majorite\u0301 \u00bb par le CSE (<a href=\"http:\/\/www.education.gouv.fr\/cid87892\/adoption-de-la-reforme-du-college-conseil-superieur-de-l-%20education-du-10-avril-2015.html\">http:\/\/www.education.gouv.fr\/cid87892\/adoption-de-la-reforme-du-college-conseil-superieur-de-l- education-du-10-avril-2015.html<\/a>). La Ministre a tenu \u00e0 pr\u00e9ciser que \u00ab les discussions men\u00e9es ces derni\u00e8res semaines avaient permis d&rsquo;apporter de vraies r\u00e9ponses, en assurant la stabilit\u00e9 des horaires disciplinaires et de trouver des r\u00e9ponses \u00e0 certaines inqui\u00e9tudes qui s\u2019\u00e9taient exprim\u00e9es sur les langues anciennes ou sur les langues vivantes. \u00bb<\/h3>\n<h3 style=\"text-align: justify;\">Les associations APFLA-CPL, APLAES, APLettres, CNARELA, SEL, SLL, qui se sont r\u00e9unies pour lancer une p\u00e9tition pour le maintien de l&rsquo;enseignement disciplinaire du latin et du grec au coll\u00e8ge, <a href=\"https:\/\/secure.avaaz.org%20\/fr\/petition\/Madame_la_Ministre_Latin_et_grec_ancien_pour_tous_les_el e ves_dans_tous_les_etablissements\/?mDZAljb\">https:\/\/secure.avaaz.org\/fr\/petition\/Madame_la_Ministre_Latin_et_grec_ancien_pour_tous_les_eleves_dans_tous_les_etablissements\/?mDZAljb<\/a> , s&rsquo;\u00e9l\u00e8vent contre ces affirmations trompeuses.<\/h3>\n<h3 style=\"text-align: justify;\">Voici en effet, dans le texte adopt\u00e9 au CSE, la teneur des \u00ab vraies r\u00e9ponses \u00bb apport\u00e9es \u00ab \u00e0 certaines inqui\u00e9tudes qui s\u2019\u00e9taient exprim\u00e9es sur les langues anciennes \u00bb :<\/h3>\n<ul style=\"text-align: justify;\">\n<li>\n<h3>\u00a0Les langues anciennes n\u2019apparaissent pas parmi les disciplines figurant dans la dotation horaire, alors que la Ministre assurait le 24 mars a\u0300 l&rsquo;Assembl\u00e9e Nationale : \u00ab Je le redis ici pour ceux qui auraient des doutes, les \u00e9l\u00e8ves b\u00e9n\u00e9ficieront exactement du m\u00eame nombre d&rsquo;heures qu&rsquo;aujourd&rsquo;hui pour pratiquer les langues anciennes \u00bb.<\/h3>\n<\/li>\n<li>\n<h3>\u00a0Il n\u2019est fait mention ni du latin ni du grec au titre des \u00ab enseignements compl\u00e9mentaires \u00bb : la seule r\u00e9f\u00e9rence faite aux langues anciennes est la th\u00e9matique \u00ab Langues et cultures de l\u2019Antiquit\u00e9 \u00bb (LCA), une des huit propos\u00e9es, mais pas impos\u00e9es, dans le cadre des Enseignements Pratiques Interdisciplinaires (EPI). La formule de camouflage \u00ab enseignement de compl\u00e9ment \u00bb, agit\u00e9e comme un leurre pendant quinze jours pour abuser professeurs et m\u00e9dias sur la volont\u00e9 minist\u00e9rielle de maintien du latin et du grec, a disparu.<\/h3>\n<h3>Ces r\u00e9ponses illustrent l\u2019indiff\u00e9rence, voire le m\u00e9pris complet avec lequel ont \u00e9t\u00e9\u00a0 \u00e9tudi\u00e9es les propositions formul\u00e9es le 31 mars dernier, en audience au minist\u00e8re, par les associations de professeurs de langues anciennes, alors que ces propositions \u00e9taient parfaitement compatibles avec le projet minist\u00e9riel (cf : <a href=\"http:\/\/www.cnarela.fr\/LinkClick.aspx?fileticket=Fn_bI0HIFXU%3d&amp;tabid=36&amp;language=fr-FR\">http:\/\/www.cnarela.fr\/LinkClick.aspx?fileticket=Fn_bI0HIFXU%3d&amp;tabid=36&amp;language=fr-FR<\/a>) et r\u00e9pondaient au v\u0153u exprim\u00e9 par la Ministre elle-m\u00eame de faire partager l\u2019\u00e9tude du latin et du grec au plus grand nombre, et de garantir les m\u00eames horaires r\u00e9glementaires qu&rsquo;actuellement (horaires qui sont, nous le rappelons, ceux du coll\u00e8ge unique, applicables nationalement).<\/h3>\n<h3>Il est inadmissible que la parole minist\u00e9rielle, exprim\u00e9e \u00e0 deux reprises devant la repr\u00e9sentation nationale le 24 mars, \u00e0 l&rsquo;Assembl\u00e9e et devant la Commission des Affaires culturelles et de l\u2019\u00c9ducation, ne soit pas suivie des actes qu&rsquo;elle engage.<\/h3>\n<h3><span style=\"color: #ff0000;\">Nous continuons donc \u00e0 exiger :<\/span><\/h3>\n<\/li>\n<li>\n<h3><span style=\"color: #ff0000;\">\u00a0Que le latin et le grec figurent dans la liste des disciplines enseign\u00e9es, avec un horaire qui sera int\u00e9gr\u00e9 dans la dotation horaire de l\u2019\u00e9tablissement et qui ne pourra \u00eatre consacr\u00e9 \u00e0 une autre activit\u00e9 p\u00e9dagogique<\/span><\/h3>\n<\/li>\n<li>\n<h3><span style=\"color: #ff0000;\">Que cet horaire corresponde aux horaires actuels pour le latin (2h en 5e, 3h en 4e, 3 h en 3e), mais qu\u2019il y ait une transformation pour le grec : 1h30 en 4e et 1h30 en 3e, au lieu de 3h en 3e<\/span><\/h3>\n<\/li>\n<li>\n<h3><span style=\"color: #ff0000;\">Que l\u2019\u00e9l\u00e8ve puisse cumuler l\u2019\u00e9tude du latin et du grec<\/span><\/h3>\n<\/li>\n<li>\n<h3><span style=\"color: #ff0000;\">Qu&rsquo;existe obligatoirement dans chaque \u00e9tablissement, au niveau de la 5e, un EPI LCA ouvert \u00e0 tous les \u00e9l\u00e8ves qui en feront la demande<\/span><\/h3>\n<\/li>\n<li>\n<h3><span style=\"color: #ff0000;\">Que soient ouverts, \u00e0 chaque niveau, le nombre de groupes n\u00e9cessaires aux demandes effectives des \u00e9l\u00e8ves et des familles.<\/span><\/h3>\n<\/li>\n<\/ul>\n<\/div>\n<\/div>\n<\/div>\n<div class=\"page\" title=\"Page 2\">\n<div class=\"layoutArea\">\n<div class=\"column\">\n<h3 style=\"text-align: justify;\">Il est inacceptable que le minist\u00e8re, profitant du statut optionnel de nos disciplines et prenant pour alibi une \u00e9galit\u00e9 qu&rsquo;il d\u00e9truit, utilise la suppression du latin et du grec \u00e0 l&rsquo;abondement des \u00ab 4 000 \u00e9quivalents temps plein \u00bb n\u00e9cessaires \u00e0 l&rsquo;application de la r\u00e9forme. Ces \u00ab ETP \u00bb ne sont pas, rappelons-le, des cr\u00e9ations de postes, mais des r\u00e9cup\u00e9rations de moyens existants. Ce faisant, le minist\u00e8re d\u00e9montre pleinement que les logiques comptables, habill\u00e9es apr\u00e8s coup d&rsquo;arguments id\u00e9ologiques fallacieux, prennent largement le pas sur les exigences de la formation des \u00e9l\u00e8ves, notamment les moins favoris\u00e9s \u2013 ceux qui n&rsquo;ont que l&rsquo;\u00e9cole de la R\u00e9publique pour r\u00e9ussir.<\/h3>\n<p style=\"text-align: center;\">APFLA-CPL (Association des Professeurs de Fran\u00e7ais et Langues Anciennes en Classes Pr\u00e9paratoires Litt\u00e9raires) <a href=\"http:\/\/www.apfla-cpl.com\">www.apfla-cpl.com<\/a><\/p>\n<p style=\"text-align: center;\">APLAES (Association des Professeurs de Langues Anciennes de l\u2019Enseignement Sup\u00e9rieur) <a href=\"http:\/\/www.aplaes.org\">www.aplaes.org<\/a><br \/>\nAPLettres (Association des Professeurs de Lettres) <a href=\"http:\/\/www.aplettres.org\">www.aplettres.org<\/a><\/p>\n<p style=\"text-align: center;\">CNARELA (Coordination Nationale des Associations R\u00e9gionales des Enseignants de Langues Anciennes) <a href=\"http:\/\/www.cnarela.fr\">www.cnarela.fr<\/a><\/p>\n<p style=\"text-align: center;\">SEL (Sauvegarde des Enseignements Litt\u00e9raires) <a href=\"http:\/\/www.sel.asso.fr\">www.sel.asso.fr <\/a><\/p>\n<p style=\"text-align: center;\">SLL (Sauver Les Lettres) <a href=\"http:\/\/www.sauv.net\">www.sauv.net<\/a><\/p>\n<\/div>\n<\/div>\n<\/div>\n","protected":false},"excerpt":{"rendered":"<p>Communiqu\u00e9 de presse du 12 avril 2015 : le Conseil Sup\u00e9rieur de l\u2019\u00c9ducation ent\u00e9rine la suppression de l&rsquo;enseignement du latin et du grec. Le 10 avril 2015, le projet de r\u00e9forme des coll\u00e8ges a \u00e9t\u00e9 adopt\u00e9 \u00e0 \u00ab une large majorite\u0301 \u00bb par le CSE (http:\/\/www.education.gouv.fr\/cid87892\/adoption-de-la-reforme-du-college-conseil-superieur-de-l- education-du-10-avril-2015.html). La Ministre a tenu \u00e0 pr\u00e9ciser que \u00ab [&hellip;]<\/p>\n","protected":false},"author":1,"featured_media":0,"comment_status":"open","ping_status":"open","sticky":false,"template":"","format":"standard","meta":{"jetpack_post_was_ever_published":false,"_jetpack_newsletter_access":"","_jetpack_dont_email_post_to_subs":false,"_jetpack_newsletter_tier_id":0,"_jetpack_memberships_contains_paywalled_content":false,"_jetpack_memberships_contains_paid_content":false,"footnotes":"","jetpack_publicize_message":"","jetpack_publicize_feature_enabled":true,"jetpack_social_post_already_shared":true,"jetpack_social_options":{"image_generator_settings":{"template":"highway","default_image_id":0,"font":"","enabled":false},"version":2}},"categories":[26,17],"tags":[24,23,22],"class_list":["post-1370","post","type-post","status-publish","format-standard","hentry","category-actualites","category-printemps-2015","tag-college","tag-latin","tag-reforme"],"gutentor_comment":0,"jetpack_publicize_connections":[],"jetpack_featured_media_url":"","jetpack_shortlink":"https:\/\/wp.me\/p2hPjg-m6","jetpack_sharing_enabled":true,"jetpack_likes_enabled":true,"_links":{"self":[{"href":"http:\/\/www.arelabretagne.levillage.org\/index.php?rest_route=\/wp\/v2\/posts\/1370","targetHints":{"allow":["GET"]}}],"collection":[{"href":"http:\/\/www.arelabretagne.levillage.org\/index.php?rest_route=\/wp\/v2\/posts"}],"about":[{"href":"http:\/\/www.arelabretagne.levillage.org\/index.php?rest_route=\/wp\/v2\/types\/post"}],"author":[{"embeddable":true,"href":"http:\/\/www.arelabretagne.levillage.org\/index.php?rest_route=\/wp\/v2\/users\/1"}],"replies":[{"embeddable":true,"href":"http:\/\/www.arelabretagne.levillage.org\/index.php?rest_route=%2Fwp%2Fv2%2Fcomments&post=1370"}],"version-history":[{"count":3,"href":"http:\/\/www.arelabretagne.levillage.org\/index.php?rest_route=\/wp\/v2\/posts\/1370\/revisions"}],"predecessor-version":[{"id":1373,"href":"http:\/\/www.arelabretagne.levillage.org\/index.php?rest_route=\/wp\/v2\/posts\/1370\/revisions\/1373"}],"wp:attachment":[{"href":"http:\/\/www.arelabretagne.levillage.org\/index.php?rest_route=%2Fwp%2Fv2%2Fmedia&parent=1370"}],"wp:term":[{"taxonomy":"category","embeddable":true,"href":"http:\/\/www.arelabretagne.levillage.org\/index.php?rest_route=%2Fwp%2Fv2%2Fcategories&post=1370"},{"taxonomy":"post_tag","embeddable":true,"href":"http:\/\/www.arelabretagne.levillage.org\/index.php?rest_route=%2Fwp%2Fv2%2Ftags&post=1370"}],"curies":[{"name":"wp","href":"https:\/\/api.w.org\/{rel}","templated":true}]}}