{"id":1880,"date":"2019-03-04T08:17:13","date_gmt":"2019-03-04T08:17:13","guid":{"rendered":"http:\/\/www.arelabretagne.levillage.org\/?p=1880"},"modified":"2025-03-12T12:55:29","modified_gmt":"2025-03-12T12:55:29","slug":"reforme-du-lycee-2","status":"publish","type":"post","link":"http:\/\/www.arelabretagne.levillage.org\/?p=1880","title":{"rendered":"R\u00e9forme du lyc\u00e9e"},"content":{"rendered":"\n<p>Informations de la CNARELA (avril 2019):<\/p>\n\n\n\n<p> Chers coll\u00e8gues,<br>Vous trouverez en fichier  le  compte rendu de notre audience du 8 f\u00e9vrier au minist\u00e8re. Nous attirons  l\u2019attention des coll\u00e8gues qui enseignent en lyc\u00e9e : la sp\u00e9cialit\u00e9 est  financ\u00e9e par des <strong>horaires fl\u00e9ch\u00e9s<\/strong>. Les points de l\u2019option,  coef. 3, qui s\u2019ajoutent \u00e0 l\u2019ensemble des r\u00e9sultats du bac, sont bien  comptabilis\u00e9s aussi dans le contr\u00f4le continu (qui compte pour 10%).Les  coll\u00e8gues doivent alerter au plus vite les ARELA sur les probl\u00e8mes de  fusion ou de refus d\u2019ouverture et de \u00ab&nbsp;quotas&nbsp;\u00bb dans la sp\u00e9cialit\u00e9, et  signaler \u00e9galement les probl\u00e8mes pour les options.&nbsp;Ces remont\u00e9es seront transmises par la CNARELA au cabinet du ministre qui suit de tr\u00e8s pr\u00e8s les ouvertures. Des appels ont d\u00e9j\u00e0 \u00e9t\u00e9 pass\u00e9s dans plusieurs lyc\u00e9es pour rappeler quelques r\u00e8gles de fonctionnement.<br>Nous avons \u00e9t\u00e9 re\u00e7us au CSP en mars pour la pr\u00e9sentation des programmes de Terminale :&nbsp; <\/p>\n\n\n\n<p>1)&nbsp;<strong>la sp\u00e9cialit\u00e9 LLCA&nbsp;<\/strong>n\u2019a pas \u00e9t\u00e9 pleinement abord\u00e9e car le travail est en cours de r\u00e9alisation. Nous avons seulement \u00e9t\u00e9 inform\u00e9s sur deux points :&nbsp; \u2022<strong>format de l\u2019\u00e9preuve qui se tiendra<\/strong> en premi\u00e8re&nbsp;(pour  les \u00e9l\u00e8ves qui ne poursuivent pas la sp\u00e9cialit\u00e9 en Terminale) : \u00e9preuve  de 2h (toutes les sp\u00e9cialit\u00e9s entrent dans ce format&nbsp;impos\u00e9 par la DGESCO).  Elle comportera une partie sur 8 pts (lexique 3 pts, en lien avec les  mots cl\u00e9s des objets d\u2019\u00e9tude + question de grammaire 5 pts&nbsp;engageant la  compr\u00e9hension du texte) et une partie sur 12 pts, au choix de l\u2019\u00e9l\u00e8ve  (soit une version soit un essai libre).&nbsp; Nous  rappelons que certaines personnes avaient annonc\u00e9 la mort de la version  et de la langue ; nous voyons bien que nous n\u2019en sommes pas l\u00e0. La  CNARELA d\u00e9nonce les fausses informations qui s\u2019appuient sur des sources  pour le moins douteuses.&nbsp; \u2022&nbsp;<strong>diptyque d\u2019\u0153uvres en terminale&nbsp;<\/strong>:  une \u0153uvre antique et une \u0153uvre litt\u00e9raire fran\u00e7aise ou \u00e9trang\u00e8re (du  Moyen \u00c2ge au XXIe). Le programme sera national et changera tous les 2  ans. En plus de ce diptyque, sans doute trois entr\u00e9es devront \u00eatre  abord\u00e9es. Un programme de langue sp\u00e9cifique pour la sp\u00e9cialit\u00e9 sera  pr\u00e9sent\u00e9.&nbsp; <strong>Les modalit\u00e9s de l\u2019examen coef. 16 en fin de Terminale ne sont pas connues \u00e0 l\u2019heure actuelle&nbsp;<\/strong>(4h ou 3h, format impos\u00e9 par la DGESCO). <\/p>\n\n\n\n<p>2)&nbsp;<strong>les entr\u00e9es du programme des options<\/strong>&nbsp;seraient les suivantes : 4 objets d\u2019\u00e9tudes (3 sont \u00e0 traiter, dont M\u00e9diterran\u00e9e) \u2022 Le\u00e7ons de sagesse antique \u2022 Comprendre le monde \u2022 Inventer, cr\u00e9er, fabriquer, produire \u2022 M\u00e9diterran\u00e9e: pr\u00e9sence des mondes antiquesLa  CNARELA a insist\u00e9 une fois de plus pour que les programmes de  sp\u00e9cialit\u00e9 et d\u2019option soient vraiment distincts, a \u00e9galement demand\u00e9 un  pr\u00e9ambule sp\u00e9cifique (qu\u2019elle avait d\u00e9j\u00e0 demand\u00e9 au CSP et \u00e0 la DGESCO  !) pour rendre plus clair l\u2019enseignement de sp\u00e9cialit\u00e9, et elle a  demand\u00e9 que soient distingu\u00e9es d\u2019un c\u00f4t\u00e9 la sp\u00e9cialit\u00e9 LLCA-latin et de  l\u2019autre la sp\u00e9cialit\u00e9 LLCA-grec. Nous rappelons une fois encore que les  \u00e9l\u00e8ves pr\u00e9sentent la sp\u00e9cialit\u00e9 dans&nbsp;l\u2019une&nbsp;des langues (l\u2019autre pouvant \u00eatre suivie en option).&nbsp;Nous aborderons cette audience plus en d\u00e9tail lors de notre prochaine AG (vous recevrez la convocation sous peu).<br>Le programme des \u0153uvres pour le bac de fran\u00e7ais en 1re a \u00e9t\u00e9 publi\u00e9 au BO du 4 avril :&nbsp;<a rel=\"noreferrer noopener\" href=\"https:\/\/www.education.gouv.fr\/pid285\/bulletin_officiel.html?cid_bo=140520\" target=\"_blank\">https:\/\/www.education.gouv.fr\/pid285\/bulletin_officiel.html?cid_bo=140520<\/a><br>Nous  rappelons que les \u0153uvres actuelles de Terminale (M\u00e9nandre en grec,  P\u00e9trone en latin), sont reconduites pour la derni\u00e8re session 2020.<br>Cordialement,Fran\u00e7ois Martin <\/p>\n\n\n\n<div class=\"wp-block-file\"><a href=\"http:\/\/www.arelabretagne.levillage.org\/bibliotheque\/2019\/04\/Audiencefe\u0301vrier2019MEN.pdf\">Audiencefe\u0301vrier2019MEN<\/a><a href=\"http:\/\/www.arelabretagne.levillage.org\/bibliotheque\/2019\/04\/Audiencefe\u0301vrier2019MEN.pdf\" class=\"wp-block-file__button\" download>T\u00e9l\u00e9charger<\/a><\/div>\n\n\n\n<p> Chers coll\u00e8gues,<br><br><strong>L\u2019enseignement du latin et du grec au lyc\u00e9e, rentr\u00e9e 2019<\/strong>&nbsp;:&nbsp; &#8211;&nbsp;<strong>option<\/strong> latin, <strong>option<\/strong> grec : en seconde, premi\u00e8re, terminale.&nbsp;Horaire : 3h de latin et 3h de grec \u00e0 chaque niveau. &#8211;&nbsp;<strong>enseignement de sp\u00e9cialit\u00e9<\/strong> \u00ab&nbsp;Litt\u00e9rature, Langues et Cultures de l\u2019Antiquit\u00e9&nbsp;\u00bb (LLCA), soit en latin, soit en grec : en premi\u00e8re (4h), en terminale (6h).<br>Un \u00e9l\u00e8ve peut suivre les deux options de LCA. S\u2019il suit d\u00e9j\u00e0 une autre option (LV3, EPS\u2026), il peut en plus suivre une seule option de LCA.Un  \u00e9l\u00e8ve inscrit en sp\u00e9cialit\u00e9 LLCA-latin peut suivre l\u2019option grec, et un  \u00e9l\u00e8ve inscrit en sp\u00e9cialit\u00e9 LLCA-grec peut suivre l\u2019option latin.Un \u00e9l\u00e8ve qui abandonne la sp\u00e9cialit\u00e9 LLCA (en latin ou en grec) en fin de premi\u00e8re peut suivre l\u2019option en terminale.<br><strong>Au bac :&nbsp;<\/strong> &#8211; <strong>option <\/strong>:  l\u2019oral que nous connaissons actuellement est supprim\u00e9. Seules les notes  du contr\u00f4le continu sont prises en compte. L\u2019arr\u00eat\u00e9 du 25 janvier 2019  pr\u00e9cise que les notes obtenues dans les options LCA sont bonifi\u00e9es  (coef. 3). Si l\u2019\u00e9l\u00e8ve suit les deux options de latin et de grec, <strong>chacune est coef. 3. Ce bonus s\u2019ajoute au total du bac.<\/strong> &#8211; <strong>sp\u00e9cialit <\/strong> : \u00e9preuve \u00e9crite en terminale (coef 16 comme toutes les autres sp\u00e9cialit\u00e9s). &#8211; l\u2019\u00e9preuve du <strong>grand oral<\/strong> portera normalement sur l\u2019une des deux sp\u00e9cialit\u00e9s choisies par l\u2019\u00e9l\u00e8ves : coef. 10.&nbsp;<strong> Un \u00e9l\u00e8ve peut donc b\u00e9n\u00e9ficier d\u2019un coef. 26 pour LLCA (16 sp\u00e9. + 10 grand oral) ! <\/strong><\/p>\n\n\n\n<p><strong>Financement des&nbsp;enseignements- Les heures d\u2019option<\/strong>  ne sont malheureusement toujours pas fl\u00e9ch\u00e9es, malgr\u00e9 nos demandes de  longue date : elles sont pr\u00e9lev\u00e9es sur la \u00ab&nbsp;marge&nbsp;\u00bb (changement rentr\u00e9e  2019 : 12h de marge par division de seconde, 8h par division de  premi\u00e8re).               <strong>-Les heures de la sp\u00e9cialit\u00e9,<\/strong> en revanche &#8211; si la sp\u00e9cialit\u00e9 est bien ouverte officiellement dans l\u2019\u00e9tablissement &#8211; <strong>sont normalement fl\u00e9ch\u00e9es <\/strong>car  les dotations pr\u00e9sentent les \u00ab&nbsp;moyens&nbsp;\u00bb &nbsp;donn\u00e9s \u00e0 l\u2019\u00e9tablissement. Il  faut inciter les coll\u00e8gues \u00e0 obtenir les documents envoy\u00e9s par les  inspections acad\u00e9miques aux chefs d\u2019\u00e9tablissement pour v\u00e9rifier ce  point.<br>Merci de signaler toute tentative de <strong>\u00ab&nbsp;fusion&nbsp;\u00bb des heures d\u00e9di\u00e9es \u00e0 la sp\u00e9. avec les heures d\u2019option<\/strong> : <strong>CELA N\u2019EST PAS NORMAL !<\/strong><\/p>\n\n\n\n<p style=\"text-align:left\">Nos  coll\u00e8gues de math\u00e9matiques ont une sp\u00e9cialit\u00e9 \u00ab&nbsp;Math\u00e9matiques&nbsp;\u00bb, et une  option en terminale (\u00ab&nbsp;math\u00e9matiques expertes&nbsp;\u00bb) : croyez-vous qu\u2019ils  accepteront de faire leur option sur les heures de sp\u00e9cialit\u00e9 ?<br>Il  faut que les coll\u00e8gues se r\u00e9f\u00e8rent aux grilles horaires officielles  pour rappeler qu\u2019il n\u2019est pas normal de baisser les horaires : quelle  autre discipline au lyc\u00e9e voit ses horaires \u00ab&nbsp;officiels&nbsp;\u00bb amput\u00e9s ou  regroup\u00e9s ? Profitons de la r\u00e9forme pour le rappeler !<br>Bon  courage dans la p\u00e9riode qui arrive avec les DHG. La CNARELA annoncera  des actions en direction des coll\u00e8ges et lyc\u00e9es tr\u00e8s prochainement et  alerte toujours le minist\u00e8re sur les difficult\u00e9s que rencontrent les  coll\u00e8gues.<\/p>\n\n\n\n<p style=\"text-align:right\"><br>Cordialement, <\/p>\n\n\n\n<p style=\"text-align:right\">Fran\u00e7ois Martin <\/p>\n\n\n\n<p>Et les liens vers les nouveaux programmes: <\/p>\n\n\n\n<p>Le lien vers le BO: <a href=\"http:\/\/www.education.gouv.fr\/pid285\/bulletin_officiel.html?cid_bo=138147\">http:\/\/www.education.gouv.fr\/pid285\/bulletin_officiel.html?cid_bo=138147<\/a><br><a href=\"http:\/\/www.education.gouv.fr\/pid285\/bulletin_officiel.html?cid_bo=138147\">h<\/a><\/p>\n\n\n\n<p>L&rsquo;enseignement de sp\u00e9cialit\u00e9 LCA en 1\u00e8re : <a href=\"http:\/\/www.education.gouv.fr\/pid285\/bulletin_officiel.html?cid_bo=138146\">http:\/\/www.education.gouv.fr\/pid285\/bulletin_officiel.html?cid_bo=138146<\/a><\/p>\n\n\n\n<p>L&rsquo;option LCA en 2nde et 1\u00e8re: <a href=\"http:\/\/www.education.gouv.fr\/pid285\/bulletin_officiel.html?cid_bo=138110\">http:\/\/www.education.gouv.fr\/pid285\/bulletin_officiel.html?cid_bo=138110<\/a><\/p>\n\n\n\n<figure class=\"wp-block-image\"><img decoding=\"async\" src=\"http:\/\/www.arelabretagne.levillage.org\/bibliotheque\/2019\/03\/Audiencefe\u0301vrier2019MEN.pdf\" alt=\"\" class=\"wp-image-1891\"\/><\/figure>\n\n\n\n<p><\/p>\n","protected":false},"excerpt":{"rendered":"<p>Informations de la CNARELA (avril 2019): Chers coll\u00e8gues,Vous trouverez en fichier le compte rendu de notre audience du 8 f\u00e9vrier au minist\u00e8re. Nous attirons l\u2019attention des coll\u00e8gues qui enseignent en lyc\u00e9e : la sp\u00e9cialit\u00e9 est financ\u00e9e par des horaires fl\u00e9ch\u00e9s. Les points de l\u2019option, coef. 3, qui s\u2019ajoutent \u00e0 l\u2019ensemble des r\u00e9sultats du bac, sont [&hellip;]<\/p>\n","protected":false},"author":1,"featured_media":0,"comment_status":"closed","ping_status":"open","sticky":false,"template":"","format":"standard","meta":{"jetpack_post_was_ever_published":false,"_jetpack_newsletter_access":"","_jetpack_dont_email_post_to_subs":false,"_jetpack_newsletter_tier_id":0,"_jetpack_memberships_contains_paywalled_content":false,"_jetpack_memberships_contains_paid_content":false,"footnotes":"","jetpack_publicize_message":"","jetpack_publicize_feature_enabled":true,"jetpack_social_post_already_shared":true,"jetpack_social_options":{"image_generator_settings":{"template":"highway","default_image_id":0,"font":"","enabled":false},"version":2}},"categories":[26,27],"tags":[],"class_list":["post-1880","post","type-post","status-publish","format-standard","hentry","category-actualites","category-reforme-du-lycee-2019"],"gutentor_comment":0,"jetpack_publicize_connections":[],"jetpack_featured_media_url":"","jetpack_shortlink":"https:\/\/wp.me\/p2hPjg-uk","jetpack_sharing_enabled":true,"jetpack_likes_enabled":true,"_links":{"self":[{"href":"http:\/\/www.arelabretagne.levillage.org\/index.php?rest_route=\/wp\/v2\/posts\/1880","targetHints":{"allow":["GET"]}}],"collection":[{"href":"http:\/\/www.arelabretagne.levillage.org\/index.php?rest_route=\/wp\/v2\/posts"}],"about":[{"href":"http:\/\/www.arelabretagne.levillage.org\/index.php?rest_route=\/wp\/v2\/types\/post"}],"author":[{"embeddable":true,"href":"http:\/\/www.arelabretagne.levillage.org\/index.php?rest_route=\/wp\/v2\/users\/1"}],"replies":[{"embeddable":true,"href":"http:\/\/www.arelabretagne.levillage.org\/index.php?rest_route=%2Fwp%2Fv2%2Fcomments&post=1880"}],"version-history":[{"count":5,"href":"http:\/\/www.arelabretagne.levillage.org\/index.php?rest_route=\/wp\/v2\/posts\/1880\/revisions"}],"predecessor-version":[{"id":1957,"href":"http:\/\/www.arelabretagne.levillage.org\/index.php?rest_route=\/wp\/v2\/posts\/1880\/revisions\/1957"}],"wp:attachment":[{"href":"http:\/\/www.arelabretagne.levillage.org\/index.php?rest_route=%2Fwp%2Fv2%2Fmedia&parent=1880"}],"wp:term":[{"taxonomy":"category","embeddable":true,"href":"http:\/\/www.arelabretagne.levillage.org\/index.php?rest_route=%2Fwp%2Fv2%2Fcategories&post=1880"},{"taxonomy":"post_tag","embeddable":true,"href":"http:\/\/www.arelabretagne.levillage.org\/index.php?rest_route=%2Fwp%2Fv2%2Ftags&post=1880"}],"curies":[{"name":"wp","href":"https:\/\/api.w.org\/{rel}","templated":true}]}}