{"id":2326,"date":"2025-03-12T12:34:37","date_gmt":"2025-03-12T12:34:37","guid":{"rendered":"http:\/\/www.arelabretagne.levillage.org\/?p=2326"},"modified":"2025-03-12T12:55:29","modified_gmt":"2025-03-12T12:55:29","slug":"arrete-ton-char","status":"publish","type":"post","link":"http:\/\/www.arelabretagne.levillage.org\/?p=2326","title":{"rendered":"\u00ab\u00a0Arr\u00eate ton char !\u00a0\u00bb"},"content":{"rendered":"\n<p>*<strong>Un article \u00e0 lire:<\/strong> la tribune de R. Delord (pr\u00e9sident de Arr\u00eate ton char) en suivant le lien:<\/p>\n\n\n\n<p><a href=\"https:\/\/www.nouvelobs.com\/education\/20211215.OBS52200\/quel-avenir-pour-l-enseignement-des-langues-anciennes-en-france-apres-2022.html\">https:\/\/www.nouvelobs.com\/education\/20211215.OBS52200\/quel-avenir-pour-l-enseignement-des-langues-anciennes-en-france-apres-2022.html<\/a><\/p>\n","protected":false},"excerpt":{"rendered":"<p>*Un article \u00e0 lire: la tribune de R. Delord (pr\u00e9sident de Arr\u00eate ton char) en suivant le lien: https:\/\/www.nouvelobs.com\/education\/20211215.OBS52200\/quel-avenir-pour-l-enseignement-des-langues-anciennes-en-france-apres-2022.html<\/p>\n","protected":false},"author":1,"featured_media":2327,"comment_status":"closed","ping_status":"open","sticky":false,"template":"","format":"standard","meta":{"jetpack_post_was_ever_published":false,"_jetpack_newsletter_access":"","_jetpack_dont_email_post_to_subs":false,"_jetpack_newsletter_tier_id":0,"_jetpack_memberships_contains_paywalled_content":false,"_jetpack_memberships_contains_paid_content":false,"footnotes":"","jetpack_publicize_message":"","jetpack_publicize_feature_enabled":true,"jetpack_social_post_already_shared":true,"jetpack_social_options":{"image_generator_settings":{"template":"highway","default_image_id":0,"font":"","enabled":false},"version":2}},"categories":[26,1],"tags":[],"class_list":["post-2326","post","type-post","status-publish","format-standard","has-post-thumbnail","hentry","category-actualites","category-non-classe"],"gutentor_comment":0,"jetpack_publicize_connections":[],"jetpack_featured_media_url":"http:\/\/www.arelabretagne.levillage.org\/bibliotheque\/2025\/03\/images.jpeg","jetpack_shortlink":"https:\/\/wp.me\/p2hPjg-Bw","jetpack_sharing_enabled":true,"jetpack_likes_enabled":true,"_links":{"self":[{"href":"http:\/\/www.arelabretagne.levillage.org\/index.php?rest_route=\/wp\/v2\/posts\/2326","targetHints":{"allow":["GET"]}}],"collection":[{"href":"http:\/\/www.arelabretagne.levillage.org\/index.php?rest_route=\/wp\/v2\/posts"}],"about":[{"href":"http:\/\/www.arelabretagne.levillage.org\/index.php?rest_route=\/wp\/v2\/types\/post"}],"author":[{"embeddable":true,"href":"http:\/\/www.arelabretagne.levillage.org\/index.php?rest_route=\/wp\/v2\/users\/1"}],"replies":[{"embeddable":true,"href":"http:\/\/www.arelabretagne.levillage.org\/index.php?rest_route=%2Fwp%2Fv2%2Fcomments&post=2326"}],"version-history":[{"count":1,"href":"http:\/\/www.arelabretagne.levillage.org\/index.php?rest_route=\/wp\/v2\/posts\/2326\/revisions"}],"predecessor-version":[{"id":2328,"href":"http:\/\/www.arelabretagne.levillage.org\/index.php?rest_route=\/wp\/v2\/posts\/2326\/revisions\/2328"}],"wp:featuredmedia":[{"embeddable":true,"href":"http:\/\/www.arelabretagne.levillage.org\/index.php?rest_route=\/wp\/v2\/media\/2327"}],"wp:attachment":[{"href":"http:\/\/www.arelabretagne.levillage.org\/index.php?rest_route=%2Fwp%2Fv2%2Fmedia&parent=2326"}],"wp:term":[{"taxonomy":"category","embeddable":true,"href":"http:\/\/www.arelabretagne.levillage.org\/index.php?rest_route=%2Fwp%2Fv2%2Fcategories&post=2326"},{"taxonomy":"post_tag","embeddable":true,"href":"http:\/\/www.arelabretagne.levillage.org\/index.php?rest_route=%2Fwp%2Fv2%2Ftags&post=2326"}],"curies":[{"name":"wp","href":"https:\/\/api.w.org\/{rel}","templated":true}]}}