{"id":372,"date":"2011-10-12T16:25:19","date_gmt":"2011-10-12T16:25:19","guid":{"rendered":"http:\/\/www.arelabretagne.levillage.org\/?p=372"},"modified":"2025-03-12T12:55:32","modified_gmt":"2025-03-12T12:55:32","slug":"visite-de-la-villa-gallo-romaine-de-mane-vechen-le-08-10-2011","status":"publish","type":"post","link":"http:\/\/www.arelabretagne.levillage.org\/?p=372","title":{"rendered":"Visite de la Villa gallo-romaine de Man\u00e9-V\u00e9chen le 08.10.2011"},"content":{"rendered":"<div class=\"mceTemp\">\n<div class=\"mceTemp\">\n<div class=\"mceTemp\">\n<h3 style=\"text-align: center;\">A la suite de l&rsquo;AG 2011 de l&rsquo;ARELA Bretagne qui s&rsquo;est tenue au lyc\u00e9e Victor Hugo d&rsquo;Hennebont, dans la matin\u00e9e du 8 octobre dernier, les participants \u00e0 la journ\u00e9e se sont retrouv\u00e9s, l&rsquo;apr\u00e8s-midi sur le site arch\u00e9ologique de Man\u00e9-V\u00e9chen en Plouhinec (56), sur les bords de la rivi\u00e8re Etel.<\/h3>\n<\/div>\n<\/div>\n<\/div>\n<div id=\"attachment_359\" style=\"width: 310px\" class=\"wp-caption aligncenter\"><a href=\"http:\/\/www.arelabretagne.levillage.org\/?attachment_id=359\" rel=\"attachment wp-att-359\"><img loading=\"lazy\" decoding=\"async\" aria-describedby=\"caption-attachment-359\" data-attachment-id=\"359\" data-permalink=\"http:\/\/www.arelabretagne.levillage.org\/?attachment_id=359\" data-orig-file=\"http:\/\/www.arelabretagne.levillage.org\/bibliotheque\/2011\/10\/Villa-Man\u00e9-V\u00e9chen-08.10.2011-2.jpg\" data-orig-size=\"3008,2000\" data-comments-opened=\"1\" data-image-meta=\"{&quot;aperture&quot;:&quot;5.6&quot;,&quot;credit&quot;:&quot;&quot;,&quot;camera&quot;:&quot;NIKON D40&quot;,&quot;caption&quot;:&quot;&quot;,&quot;created_timestamp&quot;:&quot;1318086778&quot;,&quot;copyright&quot;:&quot;&quot;,&quot;focal_length&quot;:&quot;18&quot;,&quot;iso&quot;:&quot;200&quot;,&quot;shutter_speed&quot;:&quot;0.002&quot;,&quot;title&quot;:&quot;&quot;}\" data-image-title=\"Villa Man\u00e9-V\u00e9chen 08.10.2011 (2)\" data-image-description=\"\" data-image-caption=\"\" data-large-file=\"http:\/\/www.arelabretagne.levillage.org\/bibliotheque\/2011\/10\/Villa-Man\u00e9-V\u00e9chen-08.10.2011-2-1024x680.jpg\" class=\"size-medium wp-image-359\" src=\"http:\/\/www.arelabretagne.levillage.org\/bibliotheque\/2011\/10\/Villa-Man\u00e9-V\u00e9chen-08.10.2011-2-300x199.jpg\" alt=\"\" width=\"300\" height=\"199\" srcset=\"http:\/\/www.arelabretagne.levillage.org\/bibliotheque\/2011\/10\/Villa-Man\u00e9-V\u00e9chen-08.10.2011-2-300x199.jpg 300w, http:\/\/www.arelabretagne.levillage.org\/bibliotheque\/2011\/10\/Villa-Man\u00e9-V\u00e9chen-08.10.2011-2-1024x680.jpg 1024w\" sizes=\"auto, (max-width: 300px) 100vw, 300px\" \/><\/a><p id=\"caption-attachment-359\" class=\"wp-caption-text\">Les membres de l&#39;ARELA Bretagne et A. Provost, arch\u00e9ologue, sur le site<\/p><\/div>\n<p><a href=\"http:\/\/www.arelabretagne.levillage.org\/?attachment_id=360\" rel=\"attachment wp-att-360\"><img loading=\"lazy\" decoding=\"async\" class=\"aligncenter\" src=\"http:\/\/www.arelabretagne.levillage.org\/bibliotheque\/2011\/10\/Villa-Man\u00e9-V\u00e9chen-08.10.2011-4-300x199.jpg\" alt=\"\" width=\"300\" height=\"199\" \/><\/a><\/p>\n<div id=\"attachment_361\" style=\"width: 189px\" class=\"wp-caption alignright\"><a href=\"http:\/\/www.arelabretagne.levillage.org\/?attachment_id=361\" rel=\"attachment wp-att-361\"><img loading=\"lazy\" decoding=\"async\" aria-describedby=\"caption-attachment-361\" data-attachment-id=\"361\" data-permalink=\"http:\/\/www.arelabretagne.levillage.org\/?attachment_id=361\" data-orig-file=\"http:\/\/www.arelabretagne.levillage.org\/bibliotheque\/2011\/10\/Villa-Man\u00e9-V\u00e9chen-08.10.2011-7.jpg\" data-orig-size=\"2000,3008\" data-comments-opened=\"1\" data-image-meta=\"{&quot;aperture&quot;:&quot;9&quot;,&quot;credit&quot;:&quot;&quot;,&quot;camera&quot;:&quot;NIKON D40&quot;,&quot;caption&quot;:&quot;&quot;,&quot;created_timestamp&quot;:&quot;1318087388&quot;,&quot;copyright&quot;:&quot;&quot;,&quot;focal_length&quot;:&quot;52&quot;,&quot;iso&quot;:&quot;200&quot;,&quot;shutter_speed&quot;:&quot;0.003125&quot;,&quot;title&quot;:&quot;&quot;}\" data-image-title=\"Villa Man\u00e9-V\u00e9chen 08.10.2011 (7)\" data-image-description=\"\" data-image-caption=\"&lt;p&gt;A. Provost pr\u00e9sente le plan du site&lt;\/p&gt;\n\" data-large-file=\"http:\/\/www.arelabretagne.levillage.org\/bibliotheque\/2011\/10\/Villa-Man\u00e9-V\u00e9chen-08.10.2011-7-680x1024.jpg\" class=\"size-medium wp-image-361\" src=\"http:\/\/www.arelabretagne.levillage.org\/bibliotheque\/2011\/10\/Villa-Man\u00e9-V\u00e9chen-08.10.2011-7-199x300.jpg\" alt=\"\" width=\"179\" height=\"279\" \/><\/a><p id=\"caption-attachment-361\" class=\"wp-caption-text\">A. Provost pr\u00e9sente le plan du siteAlain Provost, l&#39;arch\u00e9ologue en charge des fouilles men\u00e9es sur le site au cours des derni\u00e8res ann\u00e9es, nous a guid\u00e9s pendant plus d&#39;une heure pour une visite de la villa gallo-romaine. Celle-ci pr\u00e9sente trois corps de b\u00e2timents (sud \/ ouest \/ nord) organis\u00e9s autour d&#39;une cour ouverte vers l&#39;est sur la rivi\u00e8re.<\/p><\/div>\n<div class=\"mceTemp\">L&rsquo;entr\u00e9e de la villa se fait par le corps de b\u00e2timents sud o\u00f9 un large porche permet le passage vers la cour. Ce premier corps de b\u00e2timents pr\u00e9sente plusieurs salles, un jardin int\u00e9rieur (o\u00f9 un tr\u00e9sor important de pi\u00e8ces du III\u00e8me \u00a0si\u00e8cle a \u00e9t\u00e9 d\u00e9couvert)\u00a0ainsi qu&rsquo;une galerie \u00e0 \u00a0portique donnant sur la cour.<\/div>\n<div class=\"mceTemp\">Parmi les salles de ce corps de b\u00e2timents, l&rsquo;une d&rsquo;entre elles est particuli\u00e8rement remarquable. A. Provost nous la pr\u00e9sente comme la salle \u00ab\u00a0de r\u00e9ception\u00a0\u00bb. Les fouilleurs y ont d\u00e9couvert les \u00e9l\u00e9ments de d\u00e9coration les plus remarquables du site : outre les fragments de peinture, on y a retrouv\u00e9 des parties d&rsquo;un d\u00e9cor en bas-relief repr\u00e9sentant vraisemblablement Herm\u00e8s \/ Mercure. Cette salle se caract\u00e9rise \u00e9galement par son syst\u00e8me tr\u00e8s complet d&rsquo;hypocauste : un conduit court sous le sol, au pied des quatre murs, et d&rsquo;autres suivent les diagonales de la pi\u00e8ce. Ce syst\u00e8me est compl\u00e9t\u00e9 par des conduits verticaux espac\u00e9s r\u00e9guli\u00e8rement le long des murs. Paradoxalement, ce syst\u00e8me n&rsquo;a jamais \u00e9t\u00e9 mis en service et l&rsquo;acc\u00e8s aux conduits, depuis la pi\u00e8ce d&rsquo;alimentation du foyer, a \u00e9t\u00e9 mur\u00e9. La salle devait servir de lieu d&rsquo;accueil et de transactions.<\/div>\n<h6 class=\"mceTemp\" style=\"text-align: center;\"><a href=\"http:\/\/www.arelabretagne.levillage.org\/?attachment_id=362\" rel=\"attachment wp-att-362\"><img loading=\"lazy\" decoding=\"async\" data-attachment-id=\"362\" data-permalink=\"http:\/\/www.arelabretagne.levillage.org\/?attachment_id=362\" data-orig-file=\"http:\/\/www.arelabretagne.levillage.org\/bibliotheque\/2011\/10\/Villa-Man\u00e9-V\u00e9chen-08.10.2011-10.jpg\" data-orig-size=\"2000,3008\" data-comments-opened=\"1\" data-image-meta=\"{&quot;aperture&quot;:&quot;7.1&quot;,&quot;credit&quot;:&quot;&quot;,&quot;camera&quot;:&quot;NIKON D40&quot;,&quot;caption&quot;:&quot;&quot;,&quot;created_timestamp&quot;:&quot;1318088233&quot;,&quot;copyright&quot;:&quot;&quot;,&quot;focal_length&quot;:&quot;28&quot;,&quot;iso&quot;:&quot;200&quot;,&quot;shutter_speed&quot;:&quot;0.005&quot;,&quot;title&quot;:&quot;&quot;}\" data-image-title=\"Villa Man\u00e9-V\u00e9chen 08.10.2011 (10)\" data-image-description=\"\" data-image-caption=\"&lt;p&gt;A. Provost dans le local technique alimentant l&amp;rsquo;hypocauste dont l&amp;rsquo;acc\u00e8s est en partie mur\u00e9&lt;\/p&gt;\n\" data-large-file=\"http:\/\/www.arelabretagne.levillage.org\/bibliotheque\/2011\/10\/Villa-Man\u00e9-V\u00e9chen-08.10.2011-10-680x1024.jpg\" class=\"size-medium wp-image-362  aligncenter\" src=\"http:\/\/www.arelabretagne.levillage.org\/bibliotheque\/2011\/10\/Villa-Man\u00e9-V\u00e9chen-08.10.2011-10-199x300.jpg\" alt=\"\" width=\"182\" height=\"281\" \/><\/a>A. Provost dans le local technique alimentant l&rsquo;hypocauste dont l&rsquo;acc\u00e8s est en partie mur\u00e9<\/h6>\n<h6 class=\"mceTemp\" style=\"text-align: center;\"><a href=\"http:\/\/www.arelabretagne.levillage.org\/?attachment_id=363\" rel=\"attachment wp-att-363\"><img loading=\"lazy\" decoding=\"async\" data-attachment-id=\"363\" data-permalink=\"http:\/\/www.arelabretagne.levillage.org\/?attachment_id=363\" data-orig-file=\"http:\/\/www.arelabretagne.levillage.org\/bibliotheque\/2011\/10\/Villa-Man\u00e9-V\u00e9chen-08.10.2011-24.jpg\" data-orig-size=\"2000,3008\" data-comments-opened=\"1\" data-image-meta=\"{&quot;aperture&quot;:&quot;3.5&quot;,&quot;credit&quot;:&quot;&quot;,&quot;camera&quot;:&quot;NIKON D40&quot;,&quot;caption&quot;:&quot;&quot;,&quot;created_timestamp&quot;:&quot;1318092148&quot;,&quot;copyright&quot;:&quot;&quot;,&quot;focal_length&quot;:&quot;18&quot;,&quot;iso&quot;:&quot;400&quot;,&quot;shutter_speed&quot;:&quot;0.016666666666667&quot;,&quot;title&quot;:&quot;&quot;}\" data-image-title=\"Villa Man\u00e9-V\u00e9chen 08.10.2011 (24)\" data-image-description=\"\" data-image-caption=\"&lt;p&gt;Conduit de l&amp;rsquo;hypocauste sous le sol de la salle de r\u00e9ception&lt;\/p&gt;\n\" data-large-file=\"http:\/\/www.arelabretagne.levillage.org\/bibliotheque\/2011\/10\/Villa-Man\u00e9-V\u00e9chen-08.10.2011-24-680x1024.jpg\" class=\"size-medium wp-image-363 \" src=\"http:\/\/www.arelabretagne.levillage.org\/bibliotheque\/2011\/10\/Villa-Man\u00e9-V\u00e9chen-08.10.2011-24-199x300.jpg\" alt=\"\" width=\"178\" height=\"284\" \/><\/a><\/h6>\n<h6 class=\"mceTemp\" style=\"text-align: center;\">Conduit de l&rsquo;hypocauste sous le sol de la salle de r\u00e9ception<\/h6>\n<p><a href=\"http:\/\/www.arelabretagne.levillage.org\/?attachment_id=364\" rel=\"attachment wp-att-364\"><img loading=\"lazy\" decoding=\"async\" data-attachment-id=\"364\" data-permalink=\"http:\/\/www.arelabretagne.levillage.org\/?attachment_id=364\" data-orig-file=\"http:\/\/www.arelabretagne.levillage.org\/bibliotheque\/2011\/10\/Villa-Man\u00e9-V\u00e9chen-08.10.2011-5.jpg\" data-orig-size=\"3008,2000\" data-comments-opened=\"1\" data-image-meta=\"{&quot;aperture&quot;:&quot;10&quot;,&quot;credit&quot;:&quot;&quot;,&quot;camera&quot;:&quot;NIKON D40&quot;,&quot;caption&quot;:&quot;&quot;,&quot;created_timestamp&quot;:&quot;1318087126&quot;,&quot;copyright&quot;:&quot;&quot;,&quot;focal_length&quot;:&quot;55&quot;,&quot;iso&quot;:&quot;200&quot;,&quot;shutter_speed&quot;:&quot;0.0025&quot;,&quot;title&quot;:&quot;&quot;}\" data-image-title=\"Villa Man\u00e9-V\u00e9chen 08.10.2011 (5)\" data-image-description=\"\" data-image-caption=\"&lt;p&gt;Sol en b\u00e9ton de la salle de r\u00e9ception avec vue sur le conduit de chauffage sous le sol&lt;\/p&gt;\n\" data-large-file=\"http:\/\/www.arelabretagne.levillage.org\/bibliotheque\/2011\/10\/Villa-Man\u00e9-V\u00e9chen-08.10.2011-5-1024x680.jpg\" class=\"size-medium wp-image-364  aligncenter\" src=\"http:\/\/www.arelabretagne.levillage.org\/bibliotheque\/2011\/10\/Villa-Man\u00e9-V\u00e9chen-08.10.2011-5-300x199.jpg\" alt=\"\" width=\"300\" height=\"199\" srcset=\"http:\/\/www.arelabretagne.levillage.org\/bibliotheque\/2011\/10\/Villa-Man\u00e9-V\u00e9chen-08.10.2011-5-300x199.jpg 300w, http:\/\/www.arelabretagne.levillage.org\/bibliotheque\/2011\/10\/Villa-Man\u00e9-V\u00e9chen-08.10.2011-5-1024x680.jpg 1024w\" sizes=\"auto, (max-width: 300px) 100vw, 300px\" \/><\/a><\/p>\n<div>\n<div class=\"mceTemp mceIEcenter\" style=\"text-align: center;\">\n<div class=\"mceTemp\" style=\"text-align: right;\">\n<div class=\"mceTemp\" style=\"text-align: center;\">\n<h6 style=\"text-align: center;\">Sol en b\u00e9ton de la salle de r\u00e9ception avec vue sur le conduit de chauffage sous le sol<\/h6>\n<\/div>\n<dl><\/dl>\n<\/div>\n<\/div>\n<\/div>\n<div>La cour est organis\u00e9e autour d&rsquo;un bassin hexagonal difficilement identifiable dans l&rsquo;\u00e9tat actuel. Le corps de b\u00e2timents ouest pr\u00e9sente trois espaces successifs en allant de la cour vers l&rsquo;ouest. Tout d&rsquo;abord, deux salles sym\u00e9triquement dispos\u00e9es de part et d&rsquo;autre du seuil d&rsquo;entr\u00e9e. Elles pr\u00e9sentent toutes deux une ex\u00e8dre pr\u00e9sentant des traces de d\u00e9cors peints. La fonction (religieuse ?) de ces deux salles n&rsquo;est pas d\u00e9termin\u00e9e avec certitude. En s&rsquo;\u00e9loignant de la cour, on p\u00e9n\u00e8tre ensuite dans un large espace d\u00e9couvert et enti\u00e8rement clos vraisemblablement am\u00e9nag\u00e9 en jardin d&rsquo;agr\u00e9ment ou en salle \u00e0 manger de plein air (la hauteur suppos\u00e9e des murs devait prot\u00e9ger du vent). Derri\u00e8re le mur de ce jardin se trouve un espace allong\u00e9, perc\u00e9 de deux larges ouvertures vers l&rsquo;ext\u00e9rieur, consid\u00e9r\u00e9 comme un entrep\u00f4t par les arch\u00e9ologues. Au sud de cet entrep\u00f4t un espace de forme carr\u00e9 pouvait constituer un silo\u00a0avec une communication possible sur l&rsquo;entrep\u00f4t.<\/div>\n<div class=\"mceTemp\">\n<div class=\"mceTemp\">\n<div>\n<div id=\"attachment_365\" style=\"width: 296px\" class=\"wp-caption aligncenter\"><a href=\"http:\/\/www.arelabretagne.levillage.org\/?attachment_id=365\" rel=\"attachment wp-att-365\"><img loading=\"lazy\" decoding=\"async\" aria-describedby=\"caption-attachment-365\" data-attachment-id=\"365\" data-permalink=\"http:\/\/www.arelabretagne.levillage.org\/?attachment_id=365\" data-orig-file=\"http:\/\/www.arelabretagne.levillage.org\/bibliotheque\/2011\/10\/Villa-Man\u00e9-V\u00e9chen-08.10.2011-14.jpg\" data-orig-size=\"3008,2000\" data-comments-opened=\"1\" data-image-meta=\"{&quot;aperture&quot;:&quot;8&quot;,&quot;credit&quot;:&quot;&quot;,&quot;camera&quot;:&quot;NIKON D40&quot;,&quot;caption&quot;:&quot;&quot;,&quot;created_timestamp&quot;:&quot;1318088907&quot;,&quot;copyright&quot;:&quot;&quot;,&quot;focal_length&quot;:&quot;32&quot;,&quot;iso&quot;:&quot;200&quot;,&quot;shutter_speed&quot;:&quot;0.004&quot;,&quot;title&quot;:&quot;&quot;}\" data-image-title=\"Villa Man\u00e9-V\u00e9chen 08.10.2011 (14)\" data-image-description=\"\" data-image-caption=\"&lt;p&gt;les deux salles \u00e0 ex\u00e8dre vues depuis le sud&lt;\/p&gt;\n\" data-large-file=\"http:\/\/www.arelabretagne.levillage.org\/bibliotheque\/2011\/10\/Villa-Man\u00e9-V\u00e9chen-08.10.2011-14-1024x680.jpg\" class=\"size-medium wp-image-365 \" src=\"http:\/\/www.arelabretagne.levillage.org\/bibliotheque\/2011\/10\/Villa-Man\u00e9-V\u00e9chen-08.10.2011-14-300x199.jpg\" alt=\"\" width=\"286\" height=\"186\" \/><\/a><p id=\"caption-attachment-365\" class=\"wp-caption-text\">les deux salles \u00e0 ex\u00e8dre vues depuis le sud<\/p><\/div>\n<\/div>\n<\/div>\n<div id=\"attachment_369\" style=\"width: 290px\" class=\"wp-caption aligncenter\"><a href=\"http:\/\/www.arelabretagne.levillage.org\/?attachment_id=369\" rel=\"attachment wp-att-369\"><img loading=\"lazy\" decoding=\"async\" aria-describedby=\"caption-attachment-369\" data-attachment-id=\"369\" data-permalink=\"http:\/\/www.arelabretagne.levillage.org\/?attachment_id=369\" data-orig-file=\"http:\/\/www.arelabretagne.levillage.org\/bibliotheque\/2011\/10\/Villa-Man\u00e9-V\u00e9chen-08.10.2011-12.jpg\" data-orig-size=\"3008,2000\" data-comments-opened=\"1\" data-image-meta=\"{&quot;aperture&quot;:&quot;9&quot;,&quot;credit&quot;:&quot;&quot;,&quot;camera&quot;:&quot;NIKON D40&quot;,&quot;caption&quot;:&quot;&quot;,&quot;created_timestamp&quot;:&quot;1318088801&quot;,&quot;copyright&quot;:&quot;&quot;,&quot;focal_length&quot;:&quot;38&quot;,&quot;iso&quot;:&quot;200&quot;,&quot;shutter_speed&quot;:&quot;0.003125&quot;,&quot;title&quot;:&quot;&quot;}\" data-image-title=\"Villa Man\u00e9-V\u00e9chen 08.10.2011 (12)\" data-image-description=\"\" data-image-caption=\"&lt;p&gt;Restes de peinture murale sur enduit dans l&amp;rsquo;ex\u00e8dre nord&lt;\/p&gt;\n\" data-large-file=\"http:\/\/www.arelabretagne.levillage.org\/bibliotheque\/2011\/10\/Villa-Man\u00e9-V\u00e9chen-08.10.2011-12-1024x680.jpg\" class=\"size-medium wp-image-369 \" src=\"http:\/\/www.arelabretagne.levillage.org\/bibliotheque\/2011\/10\/Villa-Man\u00e9-V\u00e9chen-08.10.2011-12-300x199.jpg\" alt=\"\" width=\"280\" height=\"192\" \/><\/a><p id=\"caption-attachment-369\" class=\"wp-caption-text\">Restes de peinture murale sur enduit dans l&#39;ex\u00e8dre nord<\/p><\/div>\n<\/div>\n<div class=\"mcePaste\" style=\"width: 1px; height: 1px; overflow: hidden;\"><\/div>\n<p>&nbsp;<\/p>\n<div class=\"mceTemp\" style=\"text-align: left;\">\n<dl>\n<dt><a href=\"http:\/\/www.arelabretagne.levillage.org\/?attachment_id=368\" rel=\"attachment wp-att-368\"><img loading=\"lazy\" decoding=\"async\" data-attachment-id=\"368\" data-permalink=\"http:\/\/www.arelabretagne.levillage.org\/?attachment_id=368\" data-orig-file=\"http:\/\/www.arelabretagne.levillage.org\/bibliotheque\/2011\/10\/Villa-Man\u00e9-V\u00e9chen-08.10.2011-22.jpg\" data-orig-size=\"3008,2000\" data-comments-opened=\"1\" data-image-meta=\"{&quot;aperture&quot;:&quot;8&quot;,&quot;credit&quot;:&quot;&quot;,&quot;camera&quot;:&quot;NIKON D40&quot;,&quot;caption&quot;:&quot;&quot;,&quot;created_timestamp&quot;:&quot;1318090886&quot;,&quot;copyright&quot;:&quot;&quot;,&quot;focal_length&quot;:&quot;18&quot;,&quot;iso&quot;:&quot;200&quot;,&quot;shutter_speed&quot;:&quot;0.005&quot;,&quot;title&quot;:&quot;&quot;}\" data-image-title=\"Villa Man\u00e9-V\u00e9chen 08.10.2011 (22)\" data-image-description=\"\" data-image-caption=\"&lt;p&gt;Entrep\u00f4t ouest&lt;\/p&gt;\n\" data-large-file=\"http:\/\/www.arelabretagne.levillage.org\/bibliotheque\/2011\/10\/Villa-Man\u00e9-V\u00e9chen-08.10.2011-22-1024x680.jpg\" class=\"size-medium wp-image-368  \" src=\"http:\/\/www.arelabretagne.levillage.org\/bibliotheque\/2011\/10\/Villa-Man\u00e9-V\u00e9chen-08.10.2011-22-300x199.jpg\" alt=\"\" width=\"300\" height=\"199\" srcset=\"http:\/\/www.arelabretagne.levillage.org\/bibliotheque\/2011\/10\/Villa-Man\u00e9-V\u00e9chen-08.10.2011-22-300x199.jpg 300w, http:\/\/www.arelabretagne.levillage.org\/bibliotheque\/2011\/10\/Villa-Man\u00e9-V\u00e9chen-08.10.2011-22-1024x680.jpg 1024w\" sizes=\"auto, (max-width: 300px) 100vw, 300px\" \/><\/a><\/dt>\n<\/dl>\n<h6 style=\"text-align: center;\">Entrep\u00f4t ouest<\/h6>\n<\/div>\n<p style=\"text-align: justify;\">Le corps de b\u00e2timents Nord est dispos\u00e9 sym\u00e9triquement au corps sud et s&rsquo;ouvre sur la cour centrale par une galerie \u00e0 portique. Celle-ci dessert une s\u00e9rie de salles dont l&rsquo;une est une biblioth\u00e8que ou salle d&rsquo;archivage, comme en t\u00e9moignent les niches am\u00e9nag\u00e9es dans l&rsquo;\u00e9paisseur des murs et destin\u00e9es \u00e0 recevoir les tablettes de bois, support des <em>uolumina<\/em> ou <em>codices<\/em>. Dans son prolongement, mais formant une extension du corps de b\u00e2timent vers le nord, une petite salle, dot\u00e9e elle aussi d&rsquo;un syst\u00e8me d&rsquo;hypocauste, se trouve une salle de travail ou un bureau (?). Les\u00a0autres salles\u00a0du corps de b\u00e2timents nord sont plus clairement identifi\u00e9es. L&rsquo;une est une salle munie d&rsquo;armoires murales dont les emplacements sont visibles dans l&rsquo;\u00e9paisseur des murs. Elle pouvait servir de lieu de rangement\u00a0et, peut-\u00eatre, de salle \u00e0 manger couverte. Elle a \u00e9t\u00e9 am\u00e9nag\u00e9e, dans la derni\u00e8re p\u00e9riode d&rsquo;occupation du site, en petite forge, \u00e0 en juger par les fosses qui y ont \u00e9t\u00e9 creus\u00e9es pour y fixer des enclumes et par les nombreux \u00e9clats de m\u00e9taux retrouv\u00e9s sur le sol. Une derni\u00e8re salle pr\u00e9sente un four d&rsquo;angle ainsi que les traces d&rsquo;un foyer ouvert qui a rougi les pierres du mur attenant. La proximit\u00e9 de cette salle avec d&rsquo;une part la salle de rangement voisine et, d&rsquo;autre part,\u00a0le jardin int\u00e9rieur pouvant servir de salle \u00e0 manger de plein air, la d\u00e9signe comme la cuisine de la villa.<\/p>\n<div class=\"mceTemp mceIEcenter\" style=\"text-align: justify;\">\n<div id=\"attachment_366\" style=\"width: 310px\" class=\"wp-caption aligncenter\"><a href=\"http:\/\/www.arelabretagne.levillage.org\/?attachment_id=366\" rel=\"attachment wp-att-366\"><img loading=\"lazy\" decoding=\"async\" aria-describedby=\"caption-attachment-366\" data-attachment-id=\"366\" data-permalink=\"http:\/\/www.arelabretagne.levillage.org\/?attachment_id=366\" data-orig-file=\"http:\/\/www.arelabretagne.levillage.org\/bibliotheque\/2011\/10\/Villa-Man\u00e9-V\u00e9chen-08.10.2011-18.jpg\" data-orig-size=\"3008,2000\" data-comments-opened=\"1\" data-image-meta=\"{&quot;aperture&quot;:&quot;7.1&quot;,&quot;credit&quot;:&quot;&quot;,&quot;camera&quot;:&quot;NIKON D40&quot;,&quot;caption&quot;:&quot;&quot;,&quot;created_timestamp&quot;:&quot;1318090307&quot;,&quot;copyright&quot;:&quot;&quot;,&quot;focal_length&quot;:&quot;18&quot;,&quot;iso&quot;:&quot;200&quot;,&quot;shutter_speed&quot;:&quot;0.005&quot;,&quot;title&quot;:&quot;&quot;}\" data-image-title=\"Villa Man\u00e9-V\u00e9chen 08.10.2011 (18)\" data-image-description=\"\" data-image-caption=\"&lt;p&gt;Niches de rangement de la biblioth\u00e8que ou salle d&amp;rsquo;archivage&lt;\/p&gt;\n\" data-large-file=\"http:\/\/www.arelabretagne.levillage.org\/bibliotheque\/2011\/10\/Villa-Man\u00e9-V\u00e9chen-08.10.2011-18-1024x680.jpg\" class=\"size-medium wp-image-366 \" src=\"http:\/\/www.arelabretagne.levillage.org\/bibliotheque\/2011\/10\/Villa-Man\u00e9-V\u00e9chen-08.10.2011-18-300x199.jpg\" alt=\"\" width=\"300\" height=\"199\" srcset=\"http:\/\/www.arelabretagne.levillage.org\/bibliotheque\/2011\/10\/Villa-Man\u00e9-V\u00e9chen-08.10.2011-18-300x199.jpg 300w, http:\/\/www.arelabretagne.levillage.org\/bibliotheque\/2011\/10\/Villa-Man\u00e9-V\u00e9chen-08.10.2011-18-1024x680.jpg 1024w\" sizes=\"auto, (max-width: 300px) 100vw, 300px\" \/><\/a><p id=\"caption-attachment-366\" class=\"wp-caption-text\">Niches de rangement de la biblioth\u00e8que ou salle d&#39;archivagebase du four dans la cuisine - le foyer ouvert se situe le long du mur de droite<\/p><\/div>\n<\/div>\n","protected":false},"excerpt":{"rendered":"<p>A la suite de l&rsquo;AG 2011 de l&rsquo;ARELA Bretagne qui s&rsquo;est tenue au lyc\u00e9e Victor Hugo d&rsquo;Hennebont, dans la matin\u00e9e du 8 octobre dernier, les participants \u00e0 la journ\u00e9e se sont retrouv\u00e9s, l&rsquo;apr\u00e8s-midi sur le site arch\u00e9ologique de Man\u00e9-V\u00e9chen en Plouhinec (56), sur les bords de la rivi\u00e8re Etel. L&rsquo;entr\u00e9e de la villa se fait [&hellip;]<\/p>\n","protected":false},"author":5,"featured_media":0,"comment_status":"closed","ping_status":"open","sticky":false,"template":"","format":"standard","meta":{"jetpack_post_was_ever_published":false,"_jetpack_newsletter_access":"","_jetpack_dont_email_post_to_subs":false,"_jetpack_newsletter_tier_id":0,"_jetpack_memberships_contains_paywalled_content":false,"_jetpack_memberships_contains_paid_content":false,"footnotes":"","jetpack_publicize_message":"","jetpack_publicize_feature_enabled":true,"jetpack_social_post_already_shared":false,"jetpack_social_options":{"image_generator_settings":{"template":"highway","default_image_id":0,"font":"","enabled":false},"version":2}},"categories":[26,8,13],"tags":[],"class_list":["post-372","post","type-post","status-publish","format-standard","hentry","category-actualites","category-articles","category-viedelasso"],"gutentor_comment":0,"jetpack_publicize_connections":[],"jetpack_featured_media_url":"","jetpack_shortlink":"https:\/\/wp.me\/p2hPjg-60","jetpack_sharing_enabled":true,"jetpack_likes_enabled":true,"_links":{"self":[{"href":"http:\/\/www.arelabretagne.levillage.org\/index.php?rest_route=\/wp\/v2\/posts\/372","targetHints":{"allow":["GET"]}}],"collection":[{"href":"http:\/\/www.arelabretagne.levillage.org\/index.php?rest_route=\/wp\/v2\/posts"}],"about":[{"href":"http:\/\/www.arelabretagne.levillage.org\/index.php?rest_route=\/wp\/v2\/types\/post"}],"author":[{"embeddable":true,"href":"http:\/\/www.arelabretagne.levillage.org\/index.php?rest_route=\/wp\/v2\/users\/5"}],"replies":[{"embeddable":true,"href":"http:\/\/www.arelabretagne.levillage.org\/index.php?rest_route=%2Fwp%2Fv2%2Fcomments&post=372"}],"version-history":[{"count":28,"href":"http:\/\/www.arelabretagne.levillage.org\/index.php?rest_route=\/wp\/v2\/posts\/372\/revisions"}],"predecessor-version":[{"id":585,"href":"http:\/\/www.arelabretagne.levillage.org\/index.php?rest_route=\/wp\/v2\/posts\/372\/revisions\/585"}],"wp:attachment":[{"href":"http:\/\/www.arelabretagne.levillage.org\/index.php?rest_route=%2Fwp%2Fv2%2Fmedia&parent=372"}],"wp:term":[{"taxonomy":"category","embeddable":true,"href":"http:\/\/www.arelabretagne.levillage.org\/index.php?rest_route=%2Fwp%2Fv2%2Fcategories&post=372"},{"taxonomy":"post_tag","embeddable":true,"href":"http:\/\/www.arelabretagne.levillage.org\/index.php?rest_route=%2Fwp%2Fv2%2Ftags&post=372"}],"curies":[{"name":"wp","href":"https:\/\/api.w.org\/{rel}","templated":true}]}}