{"id":568,"date":"2012-03-01T14:28:01","date_gmt":"2012-03-01T14:28:01","guid":{"rendered":"http:\/\/www.arelabretagne.levillage.org\/?p=568"},"modified":"2025-03-12T12:55:31","modified_gmt":"2025-03-12T12:55:31","slug":"par-ici-les-idees-de-mars","status":"publish","type":"post","link":"http:\/\/www.arelabretagne.levillage.org\/?p=568","title":{"rendered":"Par ici, les id(\u00e9)es de mars"},"content":{"rendered":"<p>Le T\u00e9l\u00e9gramme a consacr\u00e9 un article au Printemps dans son \u00e9dition du 1er mars en page Bretagne:<br \/>\n<a title=\" Printemps de l'antiquit\u00e9.  Par ici, les id(\u00e9)es de mars...\" href=\"http:\/\/www.letelegramme.com\/ig\/generales\/regions\/finistere\/printemps-de-l-antiquite-par-ici-les-id-e-es-de-mars-01-03-2012-1617635.php?xtmc=arela%20bretagne&amp;xtcr=3\"> Printemps de l&rsquo;antiquit\u00e9. Par ici, les id(\u00e9)es de mars&#8230;<\/a><br \/>\n<img decoding=\"async\" src=\"http:\/\/www.letelegramme.com\/ar\/imgproxy.php\/PhotoIntuitions\/2012\/03\/01\/1617635_11581560-foto2-20120301-h101a.jpg?article=20120301-1001617635&#038;aaaammjj=20120301\" alt=\"\" \/><\/p>\n","protected":false},"excerpt":{"rendered":"<p>Le T\u00e9l\u00e9gramme a consacr\u00e9 un article au Printemps dans son \u00e9dition du 1er mars en page Bretagne: Printemps de l&rsquo;antiquit\u00e9. Par ici, les id(\u00e9)es de mars&#8230;<\/p>\n","protected":false},"author":1,"featured_media":0,"comment_status":"closed","ping_status":"open","sticky":false,"template":"","format":"standard","meta":{"jetpack_post_was_ever_published":false,"_jetpack_newsletter_access":"","_jetpack_dont_email_post_to_subs":false,"_jetpack_newsletter_tier_id":0,"_jetpack_memberships_contains_paywalled_content":false,"_jetpack_memberships_contains_paid_content":false,"footnotes":"","jetpack_publicize_message":"","jetpack_publicize_feature_enabled":true,"jetpack_social_post_already_shared":false,"jetpack_social_options":{"image_generator_settings":{"template":"highway","default_image_id":0,"font":"","enabled":false},"version":2}},"categories":[26,8,14],"tags":[],"class_list":["post-568","post","type-post","status-publish","format-standard","hentry","category-actualites","category-articles","category-printemps-2012"],"gutentor_comment":0,"jetpack_publicize_connections":[],"jetpack_featured_media_url":"","jetpack_shortlink":"https:\/\/wp.me\/p2hPjg-9a","jetpack_sharing_enabled":true,"jetpack_likes_enabled":true,"_links":{"self":[{"href":"http:\/\/www.arelabretagne.levillage.org\/index.php?rest_route=\/wp\/v2\/posts\/568","targetHints":{"allow":["GET"]}}],"collection":[{"href":"http:\/\/www.arelabretagne.levillage.org\/index.php?rest_route=\/wp\/v2\/posts"}],"about":[{"href":"http:\/\/www.arelabretagne.levillage.org\/index.php?rest_route=\/wp\/v2\/types\/post"}],"author":[{"embeddable":true,"href":"http:\/\/www.arelabretagne.levillage.org\/index.php?rest_route=\/wp\/v2\/users\/1"}],"replies":[{"embeddable":true,"href":"http:\/\/www.arelabretagne.levillage.org\/index.php?rest_route=%2Fwp%2Fv2%2Fcomments&post=568"}],"version-history":[{"count":9,"href":"http:\/\/www.arelabretagne.levillage.org\/index.php?rest_route=\/wp\/v2\/posts\/568\/revisions"}],"predecessor-version":[{"id":2346,"href":"http:\/\/www.arelabretagne.levillage.org\/index.php?rest_route=\/wp\/v2\/posts\/568\/revisions\/2346"}],"wp:attachment":[{"href":"http:\/\/www.arelabretagne.levillage.org\/index.php?rest_route=%2Fwp%2Fv2%2Fmedia&parent=568"}],"wp:term":[{"taxonomy":"category","embeddable":true,"href":"http:\/\/www.arelabretagne.levillage.org\/index.php?rest_route=%2Fwp%2Fv2%2Fcategories&post=568"},{"taxonomy":"post_tag","embeddable":true,"href":"http:\/\/www.arelabretagne.levillage.org\/index.php?rest_route=%2Fwp%2Fv2%2Ftags&post=568"}],"curies":[{"name":"wp","href":"https:\/\/api.w.org\/{rel}","templated":true}]}}