{"id":773,"date":"2013-03-13T15:21:35","date_gmt":"2013-03-13T15:21:35","guid":{"rendered":"http:\/\/www.arelabretagne.levillage.org\/?p=773"},"modified":"2025-03-12T12:55:30","modified_gmt":"2025-03-12T12:55:30","slug":"dedicaces-a-la-librairie-antinoe-brest-samedi-16-mars-18h","status":"publish","type":"post","link":"http:\/\/www.arelabretagne.levillage.org\/?p=773","title":{"rendered":"D\u00e9dicaces \u00e0 la librairie Antino\u00eb &#8211; Brest, samedi 16 mars, 18h"},"content":{"rendered":"<p style=\"text-align: justify;\">Un point du <a href=\"http:\/\/www.arelabretagne.levillage.org\/bibliotheque\/2013\/02\/Plaquette-Programme-Printemps-2013-1.pdf\" target=\"_blank\"><span style=\"text-decoration: underline;\"><strong>programme du Printemps<\/strong><\/span><\/a> n\u00e9cessite des pr\u00e9cisions: apr\u00e8s les deux conf\u00e9rences qui marquent le coup d&rsquo;envoi du Printemps au mus\u00e9e des beaux-arts de Brest, la <a href=\"http:\/\/www.antinoe.fr\/\" target=\"_blank\"><span style=\"text-decoration: underline;\"><strong>librairie Antino\u00eb<\/strong><\/span><\/a> accueillera \u00e0 partir de 18h un ap\u00e9ritif latin et des d\u00e9dicaces d&rsquo;ouvrages. Les auteurs pr\u00e9sents seront:<\/p>\n<p style=\"text-align: justify;\">&#8211; Les deux conf\u00e9renciers, Laurent Hugot et Dominique Fr\u00e8re. Ma\u00eetres de conf\u00e9rence en histoire ancienne, ils ont dirig\u00e9 un ouvrage collectif, <strong><em>Les huiles parfum\u00e9es en M\u00e9diterran\u00e9e occidentale et en Gaule, VIIIe si\u00e8cle av.-VIIIe si\u00e8cle apr. J.-C.<\/em><\/strong>, paru aux Presses universitaires de Rennes l&rsquo;ann\u00e9e derni\u00e8re.<\/p>\n<p><a href=\"http:\/\/www.arelabretagne.levillage.org\/bibliotheque\/2013\/03\/les-huiles.jpg\"><img loading=\"lazy\" decoding=\"async\" data-attachment-id=\"774\" data-permalink=\"http:\/\/www.arelabretagne.levillage.org\/?attachment_id=774\" data-orig-file=\"http:\/\/www.arelabretagne.levillage.org\/bibliotheque\/2013\/03\/les-huiles.jpg\" data-orig-size=\"397,507\" data-comments-opened=\"0\" data-image-meta=\"{&quot;aperture&quot;:&quot;0&quot;,&quot;credit&quot;:&quot;&quot;,&quot;camera&quot;:&quot;&quot;,&quot;caption&quot;:&quot;&quot;,&quot;created_timestamp&quot;:&quot;0&quot;,&quot;copyright&quot;:&quot;&quot;,&quot;focal_length&quot;:&quot;0&quot;,&quot;iso&quot;:&quot;0&quot;,&quot;shutter_speed&quot;:&quot;0&quot;,&quot;title&quot;:&quot;&quot;}\" data-image-title=\"les huiles\" data-image-description=\"\" data-image-caption=\"\" data-large-file=\"http:\/\/www.arelabretagne.levillage.org\/bibliotheque\/2013\/03\/les-huiles.jpg\" class=\"aligncenter size-medium wp-image-774\" alt=\"les huiles\" src=\"http:\/\/www.arelabretagne.levillage.org\/bibliotheque\/2013\/03\/les-huiles-234x300.jpg\" width=\"234\" height=\"300\" srcset=\"http:\/\/www.arelabretagne.levillage.org\/bibliotheque\/2013\/03\/les-huiles-234x300.jpg 234w, http:\/\/www.arelabretagne.levillage.org\/bibliotheque\/2013\/03\/les-huiles.jpg 397w\" sizes=\"auto, (max-width: 234px) 100vw, 234px\" \/><\/a><\/p>\n<p>&#8211; Martial Caroff, l&rsquo;auteur des <a href=\"http:\/\/martial-caroff.e-monsite.com\/pages\/les-enquetes-d-antisthene\/\" target=\"_blank\"><span style=\"text-decoration: underline;\"><strong>enqu\u00eates d&rsquo;Antisth\u00e8ne<\/strong><\/span><\/a>;<\/p>\n<p><a href=\"http:\/\/www.arelabretagne.levillage.org\/bibliotheque\/2013\/03\/Couv-Sanglante-comedie.gif\"><img loading=\"lazy\" decoding=\"async\" data-attachment-id=\"775\" data-permalink=\"http:\/\/www.arelabretagne.levillage.org\/?attachment_id=775\" data-orig-file=\"http:\/\/www.arelabretagne.levillage.org\/bibliotheque\/2013\/03\/Couv-Sanglante-comedie.gif\" data-orig-size=\"302,475\" data-comments-opened=\"0\" data-image-meta=\"{&quot;aperture&quot;:&quot;0&quot;,&quot;credit&quot;:&quot;&quot;,&quot;camera&quot;:&quot;&quot;,&quot;caption&quot;:&quot;&quot;,&quot;created_timestamp&quot;:&quot;0&quot;,&quot;copyright&quot;:&quot;&quot;,&quot;focal_length&quot;:&quot;0&quot;,&quot;iso&quot;:&quot;0&quot;,&quot;shutter_speed&quot;:&quot;0&quot;,&quot;title&quot;:&quot;&quot;}\" data-image-title=\"Couv-Sanglante-comedie\" data-image-description=\"\" data-image-caption=\"\" data-large-file=\"http:\/\/www.arelabretagne.levillage.org\/bibliotheque\/2013\/03\/Couv-Sanglante-comedie.gif\" class=\"aligncenter size-medium wp-image-775\" alt=\"Couv-Sanglante-comedie\" src=\"http:\/\/www.arelabretagne.levillage.org\/bibliotheque\/2013\/03\/Couv-Sanglante-comedie-190x300.gif\" width=\"190\" height=\"300\" \/><\/a><\/p>\n<p style=\"text-align: justify;\">&#8211; C\u00e9line Kergonnan, arch\u00e9ologue, auteur de<strong> <\/strong><a href=\"http:\/\/www.kreizbreizh.org\/fr\/actualites\/vorgium--quand-carhaix-etait-romaine.php\" target=\"_blank\"><span style=\"text-decoration: underline;\"><strong><em>Vorgium, quand Carhaix \u00e9tait romaine<\/em><\/strong><\/span><\/a>, premier volume de la collection M\u00e9moire de jeunesse \u00e9dit\u00e9e par les M\u00e9moires du Kreiz Breizh.<\/p>\n<p><a href=\"http:\/\/www.arelabretagne.levillage.org\/bibliotheque\/2013\/03\/Couverture-vorgium.jpg\"><img loading=\"lazy\" decoding=\"async\" data-attachment-id=\"776\" data-permalink=\"http:\/\/www.arelabretagne.levillage.org\/?attachment_id=776\" data-orig-file=\"http:\/\/www.arelabretagne.levillage.org\/bibliotheque\/2013\/03\/Couverture-vorgium.jpg\" data-orig-size=\"1419,2008\" data-comments-opened=\"0\" data-image-meta=\"{&quot;aperture&quot;:&quot;0&quot;,&quot;credit&quot;:&quot;&quot;,&quot;camera&quot;:&quot;&quot;,&quot;caption&quot;:&quot;&quot;,&quot;created_timestamp&quot;:&quot;0&quot;,&quot;copyright&quot;:&quot;&quot;,&quot;focal_length&quot;:&quot;0&quot;,&quot;iso&quot;:&quot;0&quot;,&quot;shutter_speed&quot;:&quot;0&quot;,&quot;title&quot;:&quot;Mise en page 1&quot;}\" data-image-title=\"Mise en page 1\" data-image-description=\"\" data-image-caption=\"\" data-large-file=\"http:\/\/www.arelabretagne.levillage.org\/bibliotheque\/2013\/03\/Couverture-vorgium-723x1024.jpg\" class=\"aligncenter size-medium wp-image-776\" alt=\"Mise en page 1\" src=\"http:\/\/www.arelabretagne.levillage.org\/bibliotheque\/2013\/03\/Couverture-vorgium-212x300.jpg\" width=\"212\" height=\"300\" srcset=\"http:\/\/www.arelabretagne.levillage.org\/bibliotheque\/2013\/03\/Couverture-vorgium-212x300.jpg 212w, http:\/\/www.arelabretagne.levillage.org\/bibliotheque\/2013\/03\/Couverture-vorgium-723x1024.jpg 723w, http:\/\/www.arelabretagne.levillage.org\/bibliotheque\/2013\/03\/Couverture-vorgium.jpg 1419w\" sizes=\"auto, (max-width: 212px) 100vw, 212px\" \/><\/a><\/p>\n","protected":false},"excerpt":{"rendered":"<p>Un point du programme du Printemps n\u00e9cessite des pr\u00e9cisions: apr\u00e8s les deux conf\u00e9rences qui marquent le coup d&rsquo;envoi du Printemps au mus\u00e9e des beaux-arts de Brest, la librairie Antino\u00eb accueillera \u00e0 partir de 18h un ap\u00e9ritif latin et des d\u00e9dicaces d&rsquo;ouvrages. Les auteurs pr\u00e9sents seront: &#8211; Les deux conf\u00e9renciers, Laurent Hugot et Dominique Fr\u00e8re. Ma\u00eetres [&hellip;]<\/p>\n","protected":false},"author":1,"featured_media":0,"comment_status":"closed","ping_status":"open","sticky":false,"template":"","format":"standard","meta":{"jetpack_post_was_ever_published":false,"_jetpack_newsletter_access":"","_jetpack_dont_email_post_to_subs":false,"_jetpack_newsletter_tier_id":0,"_jetpack_memberships_contains_paywalled_content":false,"_jetpack_memberships_contains_paid_content":false,"footnotes":"","jetpack_publicize_message":"","jetpack_publicize_feature_enabled":true,"jetpack_social_post_already_shared":true,"jetpack_social_options":{"image_generator_settings":{"template":"highway","default_image_id":0,"font":"","enabled":false},"version":2}},"categories":[26,8,15],"tags":[],"class_list":["post-773","post","type-post","status-publish","format-standard","hentry","category-actualites","category-articles","category-printemps-2013"],"gutentor_comment":0,"jetpack_publicize_connections":[],"jetpack_featured_media_url":"","jetpack_shortlink":"https:\/\/wp.me\/p2hPjg-ct","jetpack_sharing_enabled":true,"jetpack_likes_enabled":true,"_links":{"self":[{"href":"http:\/\/www.arelabretagne.levillage.org\/index.php?rest_route=\/wp\/v2\/posts\/773","targetHints":{"allow":["GET"]}}],"collection":[{"href":"http:\/\/www.arelabretagne.levillage.org\/index.php?rest_route=\/wp\/v2\/posts"}],"about":[{"href":"http:\/\/www.arelabretagne.levillage.org\/index.php?rest_route=\/wp\/v2\/types\/post"}],"author":[{"embeddable":true,"href":"http:\/\/www.arelabretagne.levillage.org\/index.php?rest_route=\/wp\/v2\/users\/1"}],"replies":[{"embeddable":true,"href":"http:\/\/www.arelabretagne.levillage.org\/index.php?rest_route=%2Fwp%2Fv2%2Fcomments&post=773"}],"version-history":[{"count":4,"href":"http:\/\/www.arelabretagne.levillage.org\/index.php?rest_route=\/wp\/v2\/posts\/773\/revisions"}],"predecessor-version":[{"id":2337,"href":"http:\/\/www.arelabretagne.levillage.org\/index.php?rest_route=\/wp\/v2\/posts\/773\/revisions\/2337"}],"wp:attachment":[{"href":"http:\/\/www.arelabretagne.levillage.org\/index.php?rest_route=%2Fwp%2Fv2%2Fmedia&parent=773"}],"wp:term":[{"taxonomy":"category","embeddable":true,"href":"http:\/\/www.arelabretagne.levillage.org\/index.php?rest_route=%2Fwp%2Fv2%2Fcategories&post=773"},{"taxonomy":"post_tag","embeddable":true,"href":"http:\/\/www.arelabretagne.levillage.org\/index.php?rest_route=%2Fwp%2Fv2%2Ftags&post=773"}],"curies":[{"name":"wp","href":"https:\/\/api.w.org\/{rel}","templated":true}]}}