{"id":890,"date":"2013-11-20T18:31:29","date_gmt":"2013-11-20T18:31:29","guid":{"rendered":"http:\/\/www.arelabretagne.levillage.org\/?p=890"},"modified":"2025-03-12T12:55:30","modified_gmt":"2025-03-12T12:55:30","slug":"conference-sur-le-theme-du-concours-2014","status":"publish","type":"post","link":"http:\/\/www.arelabretagne.levillage.org\/?p=890","title":{"rendered":"Conf\u00e9rence sur le th\u00e8me du concours 2014"},"content":{"rendered":"<p style=\"text-align: justify;\">Dans le cadre de la pr\u00e9paration au concours de l\u2019ARELA Bretagne qui aura lieu le 25 mars prochain sur le th\u00e8me \u00ab\u00a0Magie, charmes et sortil\u00e8ges dans l\u2019Antiquit\u00e9\u00a0\u00bb, aura lieu une conf\u00e9rence propos\u00e9e par <span style=\"color: #993300;\"><strong>Dominique Fr\u00e8re, professeur \u00e0 l\u2019UBS, le jeudi 12 d\u00e9cembre, de 10h30 \u00e0 11h30, \u00e0 la facult\u00e9 V. S\u00e9galen de Brest<\/strong><\/span>, \u00e0 destination des scolaires, coll\u00e9giens et lyc\u00e9ens. En voici un r\u00e9sum\u00e9:<\/p>\n<blockquote>\n<p style=\"text-align: justify;\">Abracadabra\u00a0! Ce mot \u00e9trange appara\u00eet pour la premi\u00e8re fois au IIIe si\u00e8cle apr\u00e8s J\u00e9sus-Christ\u00a0 et deviendra dans notre imaginaire la formule magique par excellence. Peu importe son origine et sa signification puisque la seule chose qui compte c\u2019est sa puissance d\u2019incantation magique. Celui ou celle qui le prononce, magicien ou sorcier, peut influer sur le destin, changer le cours de la r\u00e9alit\u00e9 et par exemple forcer une fi\u00e8vre mortelle \u00e0 quitter le corps d\u2019un malade. L\u2019imaginaire antique est peupl\u00e9 de\u00a0 cr\u00e9atures \u00e9tranges qui ont l\u2019aspect de nos modernes loups garous, zombies et fant\u00f4mes, magiciens et sorci\u00e8res. Ces derni\u00e8res avaient le pouvoir de transformer les hommes en animaux, de les rajeunir, de se transformer en vieille femme pour mieux tromper leur entourage. Mais le pouvoir que l\u2019on reconna\u00eet aux magiciens et aux sorciers est tel qu\u2019ils peuvent \u00e9teindre les \u00e9toiles, changer la nuit en jour, faire tomber la lune, liqu\u00e9fier les montagnes, d\u00e9tourner les cours des fleuves\u2026 Agissant souvent en marge de la cit\u00e9, dans les lieux li\u00e9s \u00e0 la mort (champ de bataille, amphith\u00e9\u00e2tre, cimeti\u00e8re), ils sont initi\u00e9s aux myst\u00e8res du monde invisible et connaissent les secrets de la nature, sachant utiliser le pouvoir des plantes, observant le mouvement secret des cieux et celui de cet \u0153il humide et inqui\u00e9tant qu\u2019est la lune. Textes, inscriptions, images et objets arch\u00e9ologiques seront convoqu\u00e9s pour approcher la r\u00e9alit\u00e9 sensible de ce que fut la magie dans l\u2019antiquit\u00e9 grecque et romaine.<\/p>\n<\/blockquote>\n<p style=\"text-align: justify;\">Le tarif de l\u2019intervention correspondra aux frais de transport du conf\u00e9rencier (70 Euros maximum, \u00e0 confirmer) et devra \u00eatre partag\u00e9 par les \u00e9tablissements des \u00e9l\u00e8ves participant \u00e0 la conf\u00e9rence.<\/p>\n<p style=\"text-align: justify;\">Pour toute information compl\u00e9mentaire, contacter: <a href=\"mailto:christine.colin@ac-rennes.fr\">Christine Colin<\/a><\/p>\n","protected":false},"excerpt":{"rendered":"<p>Dans le cadre de la pr\u00e9paration au concours de l\u2019ARELA Bretagne qui aura lieu le 25 mars prochain sur le th\u00e8me \u00ab\u00a0Magie, charmes et sortil\u00e8ges dans l\u2019Antiquit\u00e9\u00a0\u00bb, aura lieu une conf\u00e9rence propos\u00e9e par Dominique Fr\u00e8re, professeur \u00e0 l\u2019UBS, le jeudi 12 d\u00e9cembre, de 10h30 \u00e0 11h30, \u00e0 la facult\u00e9 V. S\u00e9galen de Brest, \u00e0 destination [&hellip;]<\/p>\n","protected":false},"author":1,"featured_media":0,"comment_status":"closed","ping_status":"open","sticky":false,"template":"","format":"standard","meta":{"jetpack_post_was_ever_published":false,"_jetpack_newsletter_access":"","_jetpack_dont_email_post_to_subs":false,"_jetpack_newsletter_tier_id":0,"_jetpack_memberships_contains_paywalled_content":false,"_jetpack_memberships_contains_paid_content":false,"footnotes":"","jetpack_publicize_message":"","jetpack_publicize_feature_enabled":true,"jetpack_social_post_already_shared":true,"jetpack_social_options":{"image_generator_settings":{"template":"highway","default_image_id":0,"font":"","enabled":false},"version":2}},"categories":[26,8,16],"tags":[],"class_list":["post-890","post","type-post","status-publish","format-standard","hentry","category-actualites","category-articles","category-printemps-2014"],"gutentor_comment":0,"jetpack_publicize_connections":[],"jetpack_featured_media_url":"","jetpack_shortlink":"https:\/\/wp.me\/p2hPjg-em","jetpack_sharing_enabled":false,"jetpack_likes_enabled":true,"_links":{"self":[{"href":"http:\/\/www.arelabretagne.levillage.org\/index.php?rest_route=\/wp\/v2\/posts\/890","targetHints":{"allow":["GET"]}}],"collection":[{"href":"http:\/\/www.arelabretagne.levillage.org\/index.php?rest_route=\/wp\/v2\/posts"}],"about":[{"href":"http:\/\/www.arelabretagne.levillage.org\/index.php?rest_route=\/wp\/v2\/types\/post"}],"author":[{"embeddable":true,"href":"http:\/\/www.arelabretagne.levillage.org\/index.php?rest_route=\/wp\/v2\/users\/1"}],"replies":[{"embeddable":true,"href":"http:\/\/www.arelabretagne.levillage.org\/index.php?rest_route=%2Fwp%2Fv2%2Fcomments&post=890"}],"version-history":[{"count":5,"href":"http:\/\/www.arelabretagne.levillage.org\/index.php?rest_route=\/wp\/v2\/posts\/890\/revisions"}],"predecessor-version":[{"id":896,"href":"http:\/\/www.arelabretagne.levillage.org\/index.php?rest_route=\/wp\/v2\/posts\/890\/revisions\/896"}],"wp:attachment":[{"href":"http:\/\/www.arelabretagne.levillage.org\/index.php?rest_route=%2Fwp%2Fv2%2Fmedia&parent=890"}],"wp:term":[{"taxonomy":"category","embeddable":true,"href":"http:\/\/www.arelabretagne.levillage.org\/index.php?rest_route=%2Fwp%2Fv2%2Fcategories&post=890"},{"taxonomy":"post_tag","embeddable":true,"href":"http:\/\/www.arelabretagne.levillage.org\/index.php?rest_route=%2Fwp%2Fv2%2Ftags&post=890"}],"curies":[{"name":"wp","href":"https:\/\/api.w.org\/{rel}","templated":true}]}}